{"id":1006,"date":"2026-03-14T15:52:50","date_gmt":"2026-03-14T14:52:50","guid":{"rendered":"https:\/\/www.festival-photo-nature-montagne.fr\/?p=1006"},"modified":"2026-03-14T18:31:53","modified_gmt":"2026-03-14T17:31:53","slug":"terres-perdues-maxime-daviron","status":"publish","type":"post","link":"https:\/\/www.festival-photo-nature-montagne.fr\/index.php\/2026\/03\/14\/terres-perdues-maxime-daviron\/","title":{"rendered":"Terres Perdues &#8211; Maxime Daviron"},"content":{"rendered":"\n<h2 class=\"wp-block-heading\">L&rsquo;exposition pr\u00e9sent\u00e9e par le photographe<\/h2>\n\n\n\n<p>D\u00e8s mon premier contact avec le massif pyr\u00e9n\u00e9en, j&rsquo;ai rapidement r\u00e9alis\u00e9 que ce territoire constituait un terrain d&rsquo;exploration si vaste qu&rsquo;une vie enti\u00e8re ne suffirait qu&rsquo;\u00e0 en effleurer la surface. Ce \u00ab\u00a0lointain\u00a0\u00bb que je recherchais tant \u00e9tait en fait juste l\u00e0, \u00e0 port\u00e9e de main : il me suffisait de gagner les reliefs pour le d\u00e9couvrir, et m\u2019immerger dans une nature intacte.&nbsp;<br><br>C&rsquo;est au cours de ces premi\u00e8res ascensions qu&rsquo;a d\u00e9but\u00e9 la s\u00e9rie \u00ab\u00a0Terres Perdues\u00a0\u00bb, n\u00e9e des sentiments propres \u00e0 l&rsquo;exp\u00e9rience solitaire des cimes. Il \u00e9mane une certaine puissance des hautes altitudes sauvages. De vaporeux sentiments s\u2019y entrem\u00ealent : fascination, angoisse, humilit\u00e9. Une \u00e9tranget\u00e9 omnipr\u00e9sente r\u00e9veille en nous des instincts enfouis, ramenant l\u2019esprit au stade d\u2019une contemplation craintive face aux forces brutes qui semblent habiter ces immensit\u00e9s.&nbsp;<br><br>Sous des influences picturales et cin\u00e9matographiques, inspir\u00e9 par la philosophie de certains auteurs comme Henry Russell ou John Muir, j&rsquo;ai ainsi d\u00e9velopp\u00e9 peu \u00e0 peu une d\u00e9marche artistique en prenant le parti de fuir toute trace humaine pour \u00e9voquer une \u00e9poque ant\u00e9rieure \u00e0 l&rsquo;anthropoc\u00e8ne, un ailleurs primitif et intact. Dans cette perspective, les \u00e9l\u00e9ments climatiques les plus tourment\u00e9s agissent comme un r\u00e9v\u00e9lateur, ouvrant des fen\u00eatres \u00e9ph\u00e9m\u00e8res sur un univers insoup\u00e7onn\u00e9, et exacerbant le sauvage qui y r\u00e8gne.<\/p>\n\n\n\n<figure class=\"wp-block-gallery has-nested-images columns-default is-cropped wp-block-gallery-1 is-layout-flex wp-block-gallery-is-layout-flex\">\n<figure class=\"wp-block-image size-large\"><img loading=\"lazy\" decoding=\"async\" width=\"807\" height=\"538\" data-id=\"1071\" src=\"https:\/\/www.festival-photo-nature-montagne.fr\/wp-content\/uploads\/2026\/03\/2026_DAVIRON_2-1.jpg\" alt=\"\" class=\"wp-image-1071\" srcset=\"https:\/\/www.festival-photo-nature-montagne.fr\/wp-content\/uploads\/2026\/03\/2026_DAVIRON_2-1.jpg 807w, https:\/\/www.festival-photo-nature-montagne.fr\/wp-content\/uploads\/2026\/03\/2026_DAVIRON_2-1-300x200.jpg 300w, https:\/\/www.festival-photo-nature-montagne.fr\/wp-content\/uploads\/2026\/03\/2026_DAVIRON_2-1-768x512.jpg 768w\" sizes=\"auto, (max-width: 807px) 100vw, 807px\" \/><\/figure>\n<\/figure>\n\n\n\n<p><\/p>\n\n\n\n<h2 class=\"wp-block-heading\">Le photographe par lui-m\u00eame<\/h2>\n\n\n\n<div class=\"wp-block-media-text is-stacked-on-mobile\" style=\"grid-template-columns:33% auto\"><figure class=\"wp-block-media-text__media\"><img loading=\"lazy\" decoding=\"async\" width=\"232\" height=\"197\" src=\"https:\/\/www.festival-photo-nature-montagne.fr\/wp-content\/uploads\/2026\/03\/2026_DAVIRON.jpg\" alt=\"Maxime Daviron\" class=\"wp-image-1007 size-full\"\/><\/figure><div class=\"wp-block-media-text__content\">\n<p>N\u00e9 dans la campagne du P\u00e9rigord, j&rsquo;ai longtemps cherch\u00e9 le sauvage dans mon environnement. En parall\u00e8le de ce besoin de nature, la cr\u00e9ation m&rsquo;a toujours attir\u00e9 : d&rsquo;abord la musique, puis l&rsquo;image, qui s&rsquo;est rapidement li\u00e9e \u00e0 l&rsquo;\u00e9criture. Assez vite, la photographie est devenue primordiale, passant de simple outil de t\u00e9moignage \u00e0 v\u00e9ritable moyen d&rsquo;expression artistique.<\/p>\n<\/div><\/div>\n\n\n\n<p><br>C&rsquo;est en emm\u00e9nageant \u00e0 Toulouse \u00e0 l&rsquo;\u00e9t\u00e9 2011 pour suivre des \u00e9tudes dans ce domaine que j&rsquo;ai finalement d\u00e9couvert le terrain d&rsquo;aventure que je recherchais tant : le massif pyr\u00e9n\u00e9en. Depuis mes premiers bivouacs en solitaire, ces montagnes n&rsquo;ont jamais quitt\u00e9 mon esprit, au point de finalement \u00e9lire domicile dans le nord des Hautes-Pyr\u00e9n\u00e9es.<br><br>Apr\u00e8s deux ann\u00e9es d&rsquo;\u00e9tudes de photographie \u00e0 l&rsquo;\u00e9cole ETPA, cette passion a pris la forme d&rsquo;un m\u00e9tier auquel j&rsquo;ai choisi de consacrer ma vie, travaillant sur diff\u00e9rentes s\u00e9ries essentiellement articul\u00e9es autour des territoires sauvages ; toutes anim\u00e9es d&rsquo;une volont\u00e9 commune d&rsquo;immersion : ne pas se contenter de montrer ce que je vois, mais tenter de faire ressentir ce que je vis.<\/p>\n\n\n\n<p>Site web : <a href=\"https:\/\/maximedaviron.com\/\" data-type=\"link\" data-id=\"https:\/\/maximedaviron.com\/\">https:\/\/maximedaviron.com\/<\/a><\/p>\n","protected":false},"excerpt":{"rendered":"<p>L&rsquo;exposition pr\u00e9sent\u00e9e par le photographe D\u00e8s mon premier contact avec le massif pyr\u00e9n\u00e9en, j&rsquo;ai rapidement r\u00e9alis\u00e9 que ce territoire constituait un terrain d&rsquo;exploration si vaste qu&rsquo;une vie enti\u00e8re ne suffirait qu&rsquo;\u00e0 en effleurer la surface. Ce \u00ab\u00a0lointain\u00a0\u00bb que je recherchais tant \u00e9tait en fait juste l\u00e0, \u00e0 port\u00e9e de main : il me suffisait de [&hellip;]<\/p>\n","protected":false},"author":2,"featured_media":1008,"comment_status":"closed","ping_status":"closed","sticky":false,"template":"","format":"standard","meta":{"footnotes":""},"categories":[1],"tags":[13],"class_list":["post-1006","post","type-post","status-publish","format-standard","has-post-thumbnail","hentry","category-non-classe","tag-une"],"_links":{"self":[{"href":"https:\/\/www.festival-photo-nature-montagne.fr\/index.php\/wp-json\/wp\/v2\/posts\/1006","targetHints":{"allow":["GET"]}}],"collection":[{"href":"https:\/\/www.festival-photo-nature-montagne.fr\/index.php\/wp-json\/wp\/v2\/posts"}],"about":[{"href":"https:\/\/www.festival-photo-nature-montagne.fr\/index.php\/wp-json\/wp\/v2\/types\/post"}],"author":[{"embeddable":true,"href":"https:\/\/www.festival-photo-nature-montagne.fr\/index.php\/wp-json\/wp\/v2\/users\/2"}],"replies":[{"embeddable":true,"href":"https:\/\/www.festival-photo-nature-montagne.fr\/index.php\/wp-json\/wp\/v2\/comments?post=1006"}],"version-history":[{"count":5,"href":"https:\/\/www.festival-photo-nature-montagne.fr\/index.php\/wp-json\/wp\/v2\/posts\/1006\/revisions"}],"predecessor-version":[{"id":1072,"href":"https:\/\/www.festival-photo-nature-montagne.fr\/index.php\/wp-json\/wp\/v2\/posts\/1006\/revisions\/1072"}],"wp:featuredmedia":[{"embeddable":true,"href":"https:\/\/www.festival-photo-nature-montagne.fr\/index.php\/wp-json\/wp\/v2\/media\/1008"}],"wp:attachment":[{"href":"https:\/\/www.festival-photo-nature-montagne.fr\/index.php\/wp-json\/wp\/v2\/media?parent=1006"}],"wp:term":[{"taxonomy":"category","embeddable":true,"href":"https:\/\/www.festival-photo-nature-montagne.fr\/index.php\/wp-json\/wp\/v2\/categories?post=1006"},{"taxonomy":"post_tag","embeddable":true,"href":"https:\/\/www.festival-photo-nature-montagne.fr\/index.php\/wp-json\/wp\/v2\/tags?post=1006"}],"curies":[{"name":"wp","href":"https:\/\/api.w.org\/{rel}","templated":true}]}}