{"id":1338,"date":"2026-09-02T10:02:33","date_gmt":"2026-09-02T08:02:33","guid":{"rendered":"https:\/\/www.festival-photo-nature-montagne.fr\/?p=1338"},"modified":"2026-09-02T10:02:33","modified_gmt":"2026-09-02T08:02:33","slug":"appel-a-candidatures-4eme-edition-du-19-au-21-mars-2027-a-montbonnot-st-martin","status":"publish","type":"post","link":"https:\/\/www.festival-photo-nature-montagne.fr\/index.php\/2026\/09\/02\/appel-a-candidatures-4eme-edition-du-19-au-21-mars-2027-a-montbonnot-st-martin\/","title":{"rendered":"Appel \u00e0 candidatures &#8211; 4\u00e8me \u00e9dition du 19 au 21 mars 2027 \u00e0 Montbonnot-St-Martin"},"content":{"rendered":"\n<p class=\"wp-block-paragraph\"> La quatri\u00e8me \u00e9dition du Festival Photo Nature et Montagne aura lieu les 19, 20 et 21 mars 2027 \u00e0 Montbonnot-Saint-Martin (38).<\/p>\n\n\n\n<p class=\"wp-block-paragraph\">Date limite de r\u00e9ception des dossiers : <strong>31 octobre 2026<\/strong> \u00e0 midi<\/p>\n\n\n\n<p class=\"wp-block-paragraph\">Modalit\u00e9s de candidature pour exposer : <\/p>\n\n\n\n<div class=\"wp-block-file has-custom-couleur-1-background-color has-background\"><a id=\"wp-block-file--media-2c6acffb-1a58-4c29-a309-f66d968ce876\" href=\"https:\/\/www.festival-photo-nature-montagne.fr\/wp-content\/uploads\/2026\/09\/2027_Reglement-Festival-Photo-Nature-et-Montagne.pdf\">2027_Reglement-Festival-Photo-Nature-et-Montagne<\/a><a href=\"https:\/\/www.festival-photo-nature-montagne.fr\/wp-content\/uploads\/2026\/09\/2027_Reglement-Festival-Photo-Nature-et-Montagne.pdf\" class=\"wp-block-file__button wp-element-button\" download aria-describedby=\"wp-block-file--media-2c6acffb-1a58-4c29-a309-f66d968ce876\">T\u00e9l\u00e9charger<\/a><\/div>\n\n\n\n<p class=\"wp-block-paragraph\">Notez bien :<\/p>\n\n\n\n<p class=\"wp-block-paragraph\">\u00ab\u00a0Si, lors de la s\u00e9lection, la priorit\u00e9 sera donn\u00e9e aux dossiers ayant un rapport avec le milieu montagnard (de France ou d\u2019ailleurs), les dossiers pr\u00e9sentant d\u2019autres th\u00e8mes Nature seront accept\u00e9s.\u00a0\u00bb<\/p>\n\n\n\n<p class=\"wp-block-paragraph\"><\/p>\n","protected":false},"excerpt":{"rendered":"<p>La quatri\u00e8me \u00e9dition du Festival Photo Nature et Montagne aura lieu les 19, 20 et 21 mars 2027 \u00e0 Montbonnot-Saint-Martin (38). Date limite de r\u00e9ception des dossiers : 31 octobre 2026 \u00e0 midi Modalit\u00e9s de candidature pour exposer : Notez bien : \u00ab\u00a0Si, lors de la s\u00e9lection, la priorit\u00e9 sera donn\u00e9e aux dossiers ayant un [&hellip;]<\/p>\n","protected":false},"author":2,"featured_media":1343,"comment_status":"closed","ping_status":"","sticky":false,"template":"","format":"standard","meta":{"footnotes":""},"categories":[1],"tags":[13],"class_list":["post-1338","post","type-post","status-publish","format-standard","has-post-thumbnail","hentry","category-non-classe","tag-une"],"_links":{"self":[{"href":"https:\/\/www.festival-photo-nature-montagne.fr\/index.php\/wp-json\/wp\/v2\/posts\/1338","targetHints":{"allow":["GET"]}}],"collection":[{"href":"https:\/\/www.festival-photo-nature-montagne.fr\/index.php\/wp-json\/wp\/v2\/posts"}],"about":[{"href":"https:\/\/www.festival-photo-nature-montagne.fr\/index.php\/wp-json\/wp\/v2\/types\/post"}],"author":[{"embeddable":true,"href":"https:\/\/www.festival-photo-nature-montagne.fr\/index.php\/wp-json\/wp\/v2\/users\/2"}],"replies":[{"embeddable":true,"href":"https:\/\/www.festival-photo-nature-montagne.fr\/index.php\/wp-json\/wp\/v2\/comments?post=1338"}],"version-history":[{"count":3,"href":"https:\/\/www.festival-photo-nature-montagne.fr\/index.php\/wp-json\/wp\/v2\/posts\/1338\/revisions"}],"predecessor-version":[{"id":1342,"href":"https:\/\/www.festival-photo-nature-montagne.fr\/index.php\/wp-json\/wp\/v2\/posts\/1338\/revisions\/1342"}],"wp:featuredmedia":[{"embeddable":true,"href":"https:\/\/www.festival-photo-nature-montagne.fr\/index.php\/wp-json\/wp\/v2\/media\/1343"}],"wp:attachment":[{"href":"https:\/\/www.festival-photo-nature-montagne.fr\/index.php\/wp-json\/wp\/v2\/media?parent=1338"}],"wp:term":[{"taxonomy":"category","embeddable":true,"href":"https:\/\/www.festival-photo-nature-montagne.fr\/index.php\/wp-json\/wp\/v2\/categories?post=1338"},{"taxonomy":"post_tag","embeddable":true,"href":"https:\/\/www.festival-photo-nature-montagne.fr\/index.php\/wp-json\/wp\/v2\/tags?post=1338"}],"curies":[{"name":"wp","href":"https:\/\/api.w.org\/{rel}","templated":true}]}}