{"id":939,"date":"2025-08-18T19:30:32","date_gmt":"2025-08-18T17:30:32","guid":{"rendered":"https:\/\/www.festival-photo-nature-montagne.fr\/?p=939"},"modified":"2026-01-11T19:43:46","modified_gmt":"2026-01-11T18:43:46","slug":"appel-a-candidatures-3eme-edition-du-24-au-26-avril-2026-a-montbonnot-st-martin","status":"publish","type":"post","link":"https:\/\/www.festival-photo-nature-montagne.fr\/index.php\/2025\/08\/18\/appel-a-candidatures-3eme-edition-du-24-au-26-avril-2026-a-montbonnot-st-martin\/","title":{"rendered":"Appel \u00e0 candidatures &#8211; 3\u00e8me \u00e9dition du 24 au 26 avril 2026 \u00e0 Montbonnot-St-Martin"},"content":{"rendered":"\n<p>Le d\u00e9p\u00f4t des candidatures est termin\u00e9.<\/p>\n\n\n\n<p>Pour rappel : <a href=\"https:\/\/www.festival-photo-nature-montagne.fr\/wp-content\/uploads\/2025\/08\/2026_Reglement-Festival-Photo-Nature-et-Montagne.pdf\" data-type=\"attachment\" data-id=\"947\">Reglement_Festival_Photo_Nature_et_Montagne 2026<\/a><\/p>\n\n\n\n<p><\/p>\n\n\n\n<p><\/p>\n\n\n\n<p><\/p>\n","protected":false},"excerpt":{"rendered":"<p>Le d\u00e9p\u00f4t des candidatures est termin\u00e9. Pour rappel : Reglement_Festival_Photo_Nature_et_Montagne 2026<\/p>\n","protected":false},"author":2,"featured_media":944,"comment_status":"closed","ping_status":"","sticky":false,"template":"","format":"standard","meta":{"footnotes":""},"categories":[1],"tags":[13],"class_list":["post-939","post","type-post","status-publish","format-standard","has-post-thumbnail","hentry","category-non-classe","tag-une"],"_links":{"self":[{"href":"https:\/\/www.festival-photo-nature-montagne.fr\/index.php\/wp-json\/wp\/v2\/posts\/939","targetHints":{"allow":["GET"]}}],"collection":[{"href":"https:\/\/www.festival-photo-nature-montagne.fr\/index.php\/wp-json\/wp\/v2\/posts"}],"about":[{"href":"https:\/\/www.festival-photo-nature-montagne.fr\/index.php\/wp-json\/wp\/v2\/types\/post"}],"author":[{"embeddable":true,"href":"https:\/\/www.festival-photo-nature-montagne.fr\/index.php\/wp-json\/wp\/v2\/users\/2"}],"replies":[{"embeddable":true,"href":"https:\/\/www.festival-photo-nature-montagne.fr\/index.php\/wp-json\/wp\/v2\/comments?post=939"}],"version-history":[{"count":5,"href":"https:\/\/www.festival-photo-nature-montagne.fr\/index.php\/wp-json\/wp\/v2\/posts\/939\/revisions"}],"predecessor-version":[{"id":964,"href":"https:\/\/www.festival-photo-nature-montagne.fr\/index.php\/wp-json\/wp\/v2\/posts\/939\/revisions\/964"}],"wp:featuredmedia":[{"embeddable":true,"href":"https:\/\/www.festival-photo-nature-montagne.fr\/index.php\/wp-json\/wp\/v2\/media\/944"}],"wp:attachment":[{"href":"https:\/\/www.festival-photo-nature-montagne.fr\/index.php\/wp-json\/wp\/v2\/media?parent=939"}],"wp:term":[{"taxonomy":"category","embeddable":true,"href":"https:\/\/www.festival-photo-nature-montagne.fr\/index.php\/wp-json\/wp\/v2\/categories?post=939"},{"taxonomy":"post_tag","embeddable":true,"href":"https:\/\/www.festival-photo-nature-montagne.fr\/index.php\/wp-json\/wp\/v2\/tags?post=939"}],"curies":[{"name":"wp","href":"https:\/\/api.w.org\/{rel}","templated":true}]}}