{"id":999,"date":"2026-03-11T15:49:00","date_gmt":"2026-03-11T14:49:00","guid":{"rendered":"https:\/\/www.festival-photo-nature-montagne.fr\/?p=999"},"modified":"2026-03-14T18:20:17","modified_gmt":"2026-03-14T17:20:17","slug":"couleurs-de-vie-valerie-et-cyril-buffel-valecyr","status":"publish","type":"post","link":"https:\/\/www.festival-photo-nature-montagne.fr\/index.php\/2026\/03\/11\/couleurs-de-vie-valerie-et-cyril-buffel-valecyr\/","title":{"rendered":"Couleurs de vie &#8211; Val\u00e9rie et Cyril BUFFEL (ValeCyr)"},"content":{"rendered":"\n<p><\/p>\n\n\n\n<h2 class=\"wp-block-heading\">L&rsquo;exposition par les photographes<\/h2>\n\n\n\n<p>A l\u2019origine de cette exposition il y eu lors d\u2019un printemps une magnifique rencontre entre le gu\u00eapier d\u2019Europe et nous-m\u00eames. Suivirent ensuite deux saisons pendant lesquelles nous avons effectu\u00e9 de nombreuses sorties d\u2019observation afin de mieux conna\u00eetre cette esp\u00e8ce migratrice qui passait en colonie au-dessus de la maison.<\/p>\n\n\n\n<p>L\u2019id\u00e9e d\u2019une exposition prenait forme : donner la possibilit\u00e9 au public de rentrer dans l\u2019intimit\u00e9 de ces oiseaux pendant la saison des amours. Pour se faire nous devions parvenir \u00e0 saisir leurs comportements et attitudes sans les perturber. Le respect de l\u2019oiseau devant rester prioritaire. Nous avons donc privil\u00e9gi\u00e9 des lieux o\u00f9 la v\u00e9g\u00e9tation nous permettait de bien nous fondre dans la nature. Nous avons \u00e9galement eu la chance de pouvoir profiter d\u2019une cabane tr\u00e8s proche d\u2019un site de nidification.<\/p>\n\n\n\n<figure class=\"wp-block-image size-full\"><img loading=\"lazy\" decoding=\"async\" width=\"770\" height=\"510\" src=\"https:\/\/www.festival-photo-nature-montagne.fr\/wp-content\/uploads\/2026\/03\/2026_BUFFEL_2.jpg\" alt=\"Couleurs de vie \u2013 Val\u00e9rie et Cyril BUFFEL\" class=\"wp-image-1003\" srcset=\"https:\/\/www.festival-photo-nature-montagne.fr\/wp-content\/uploads\/2026\/03\/2026_BUFFEL_2.jpg 770w, https:\/\/www.festival-photo-nature-montagne.fr\/wp-content\/uploads\/2026\/03\/2026_BUFFEL_2-300x199.jpg 300w, https:\/\/www.festival-photo-nature-montagne.fr\/wp-content\/uploads\/2026\/03\/2026_BUFFEL_2-768x509.jpg 768w\" sizes=\"auto, (max-width: 770px) 100vw, 770px\" \/><\/figure>\n\n\n\n<p>Avec la patience et de nombreuses heures d\u2019attente nous sommes parvenus<br>\u00e0 saisir l\u2019instant des retrouvailles, les moments de querelles, d\u2019offrandes ou de<br>tendresse mais \u00e9galement les sc\u00e8nes de chasse n\u00e9cessaires au nourrissage et les<br>premi\u00e8res minutes hors du terrier. Nous esp\u00e9rons qu\u2019\u00e0 travers nos images le visiteur pourra se raconter leur belle histoire.<\/p>\n\n\n\n<h2 class=\"wp-block-heading\">Les photographes : Val\u00e9rie et Cyril Buffel<\/h2>\n\n\n\n<div class=\"wp-block-media-text is-stacked-on-mobile\" style=\"grid-template-columns:37% auto\"><figure class=\"wp-block-media-text__media\"><img loading=\"lazy\" decoding=\"async\" width=\"358\" height=\"269\" src=\"https:\/\/www.festival-photo-nature-montagne.fr\/wp-content\/uploads\/2026\/03\/2026_BUFFEL.jpg.png\" alt=\"\" class=\"wp-image-1000 size-full\" srcset=\"https:\/\/www.festival-photo-nature-montagne.fr\/wp-content\/uploads\/2026\/03\/2026_BUFFEL.jpg.png 358w, https:\/\/www.festival-photo-nature-montagne.fr\/wp-content\/uploads\/2026\/03\/2026_BUFFEL.jpg-300x225.png 300w\" sizes=\"auto, (max-width: 358px) 100vw, 358px\" \/><\/figure><div class=\"wp-block-media-text__content\">\n<p>Amoureux tous les deux<br>de la photographie animali\u00e8re<br>nous proposons des images de vie sauvage et de nature afin de faire d\u00e9couvrir faune et biotopes.<\/p>\n\n\n\n<p><\/p>\n<\/div><\/div>\n\n\n\n<p>Nous ne vivons que pour ces instants privil\u00e9gi\u00e9s o\u00f9 nous nous fondons tous deux dans un d\u00e9cor naturel pour photographier animaux et paysages : la recherche, l\u2019attente, la d\u00e9couverte et l\u2019apparition de l\u2019animal dans l\u2019objectif sont des moments tous charg\u00e9s d\u2019\u00e9motion.<br><br>Ces instants nous cherchons \u00e0 les partager avec le plus grand nombre afin de<br>faire conna\u00eetre cette beaut\u00e9 qui nous entoure mais \u00e9galement afin de permettre \u00e0 chacun de prendre conscience de sa fragilit\u00e9. En partageant regards et connaissances nous esp\u00e9rons contribuer \u00e0 la protection de la biodiversit\u00e9.<br><br>Nous signons toutes nos photos \u00ab ValeCyr \u00bb la combinaison de nos deux<br>pr\u00e9noms.<\/p>\n\n\n\n<p>Site web : <a href=\"https:\/\/valecyr.myportfolio.com\/photographes\" data-type=\"link\" data-id=\"https:\/\/valecyr.myportfolio.com\/photographes\">https:\/\/valecyr.myportfolio.com\/photographes<\/a><\/p>\n","protected":false},"excerpt":{"rendered":"<p>L&rsquo;exposition par les photographes A l\u2019origine de cette exposition il y eu lors d\u2019un printemps une magnifique rencontre entre le gu\u00eapier d\u2019Europe et nous-m\u00eames. Suivirent ensuite deux saisons pendant lesquelles nous avons effectu\u00e9 de nombreuses sorties d\u2019observation afin de mieux conna\u00eetre cette esp\u00e8ce migratrice qui passait en colonie au-dessus de la maison. L\u2019id\u00e9e d\u2019une exposition [&hellip;]<\/p>\n","protected":false},"author":2,"featured_media":1002,"comment_status":"closed","ping_status":"closed","sticky":false,"template":"","format":"standard","meta":{"footnotes":""},"categories":[1],"tags":[13],"class_list":["post-999","post","type-post","status-publish","format-standard","has-post-thumbnail","hentry","category-non-classe","tag-une"],"_links":{"self":[{"href":"https:\/\/www.festival-photo-nature-montagne.fr\/index.php\/wp-json\/wp\/v2\/posts\/999","targetHints":{"allow":["GET"]}}],"collection":[{"href":"https:\/\/www.festival-photo-nature-montagne.fr\/index.php\/wp-json\/wp\/v2\/posts"}],"about":[{"href":"https:\/\/www.festival-photo-nature-montagne.fr\/index.php\/wp-json\/wp\/v2\/types\/post"}],"author":[{"embeddable":true,"href":"https:\/\/www.festival-photo-nature-montagne.fr\/index.php\/wp-json\/wp\/v2\/users\/2"}],"replies":[{"embeddable":true,"href":"https:\/\/www.festival-photo-nature-montagne.fr\/index.php\/wp-json\/wp\/v2\/comments?post=999"}],"version-history":[{"count":3,"href":"https:\/\/www.festival-photo-nature-montagne.fr\/index.php\/wp-json\/wp\/v2\/posts\/999\/revisions"}],"predecessor-version":[{"id":1020,"href":"https:\/\/www.festival-photo-nature-montagne.fr\/index.php\/wp-json\/wp\/v2\/posts\/999\/revisions\/1020"}],"wp:featuredmedia":[{"embeddable":true,"href":"https:\/\/www.festival-photo-nature-montagne.fr\/index.php\/wp-json\/wp\/v2\/media\/1002"}],"wp:attachment":[{"href":"https:\/\/www.festival-photo-nature-montagne.fr\/index.php\/wp-json\/wp\/v2\/media?parent=999"}],"wp:term":[{"taxonomy":"category","embeddable":true,"href":"https:\/\/www.festival-photo-nature-montagne.fr\/index.php\/wp-json\/wp\/v2\/categories?post=999"},{"taxonomy":"post_tag","embeddable":true,"href":"https:\/\/www.festival-photo-nature-montagne.fr\/index.php\/wp-json\/wp\/v2\/tags?post=999"}],"curies":[{"name":"wp","href":"https:\/\/api.w.org\/{rel}","templated":true}]}}